{"id":4877,"date":"2023-01-24T21:29:25","date_gmt":"2023-01-24T21:29:25","guid":{"rendered":"https:\/\/radiobravacolombia.com.co\/?p=4877"},"modified":"2023-01-24T21:29:26","modified_gmt":"2023-01-24T21:29:26","slug":"con-la-construccion-de-326-metros-de-placa-huella-en-dos-corregimientos-se-mejora-la-transitabilidad-en-dagua","status":"publish","type":"post","link":"https:\/\/radiobravacolombia.com\/?p=4877","title":{"rendered":"Con la construcci\u00f3n de 326 metros de placa huella en dos corregimientos se mejora la transitabilidad en Dagua"},"content":{"rendered":"\n<p><strong>Santiago de Cali, enero 23 de 2023.<\/strong>&nbsp;El Gobierno del Valle avanza con la estrategia de la Ruta Invencible por el Valle que busca mejorar las condiciones de transitabiliadad en la zona rural del departamento. Las obras llegar\u00e1n al municipio de Dagua con la construcci\u00f3n de placa huella en dos corregimientos.<br><br>\u201cSe ha aprobado a trav\u00e9s del Sistema General de Regal\u00edas un proyecto para la construcci\u00f3n de placa huellas, ser\u00e1n en total 326 metros lineales en dos sectores, El Queremal con 156 metros y el sector del Salado con 170 metros, con esos dos tramos seguiremos fortaleciendo los corredores productivos de este municipio\u201d, explic\u00f3 el secretario de Infraestructura Frank Ram\u00edrez.<br><br>La intervenci\u00f3n en estos dos puntos estrat\u00e9gicos del municipio contar\u00e1 con recursos por $1.000 millones de pesos lo que permitir\u00e1 seguir consolidando a Dagua como despensa agr\u00edcola y potenciar su vocaci\u00f3n tur\u00edstica.<br><br>Dagua hace parte del grupo de municipios del departamento que fueron incluidos en un proyecto del Sistema General de Regal\u00edas, que a trav\u00e9s del OCAD ejecutar\u00e1n mejoramientos de la infraestructura en la zona rural.<\/p>\n\n\n\n<figure class=\"wp-block-embed\"><div class=\"wp-block-embed__wrapper\">\nhttps:\/\/www.valledelcauca.gov.co\/publicaciones\/77409\/con-la-construccion-de-326-metros-de-placa-huella-en-dos-corregimientos-se-mejora-la-transitabilidad-en-dagua\/\n<\/div><\/figure>\n","protected":false},"excerpt":{"rendered":"<p>Santiago de Cali, enero 23 de 2023.&nbsp;El Gobierno del Valle avanza con la estrategia de la Ruta Invencible por el Valle que busca mejorar las condiciones de transitabiliadad en la zona rural del departamento. Las obras llegar\u00e1n al municipio de Dagua con la construcci\u00f3n de placa huella en dos corregimientos. \u201cSe ha aprobado a trav\u00e9s [&hellip;]<\/p>\n","protected":false},"author":1,"featured_media":4878,"comment_status":"open","ping_status":"open","sticky":false,"template":"","format":"standard","meta":{"footnotes":""},"categories":[47],"tags":[],"class_list":["post-4877","post","type-post","status-publish","format-standard","has-post-thumbnail","hentry","category-noticias"],"yoast_head":"<!-- This site is optimized with the Yoast SEO plugin v27.2 - https:\/\/yoast.com\/product\/yoast-seo-wordpress\/ -->\n<title>Con la construcci\u00f3n de 326 metros de placa huella en dos corregimientos se mejora la transitabilidad en Dagua - Radio Brava<\/title>\n<meta name=\"robots\" content=\"noindex, follow, max-snippet:-1, max-image-preview:large, max-video-preview:-1\" \/>\n<meta property=\"og:locale\" content=\"es_ES\" \/>\n<meta property=\"og:type\" content=\"article\" \/>\n<meta property=\"og:title\" content=\"Con la construcci\u00f3n de 326 metros de placa huella en dos corregimientos se mejora la transitabilidad en Dagua - Radio Brava\" \/>\n<meta property=\"og:description\" content=\"Santiago de Cali, enero 23 de 2023.&nbsp;El Gobierno del Valle avanza con la estrategia de la Ruta Invencible por el Valle que busca mejorar las condiciones de transitabiliadad en la zona rural del departamento. Las obras llegar\u00e1n al municipio de Dagua con la construcci\u00f3n de placa huella en dos corregimientos. \u201cSe ha aprobado a trav\u00e9s [&hellip;]\" \/>\n<meta property=\"og:url\" content=\"https:\/\/radiobravacolombia.com\/?p=4877\" \/>\n<meta property=\"og:site_name\" content=\"Radio Brava\" \/>\n<meta property=\"article:publisher\" content=\"https:\/\/www.facebook.com\/Radiobravacolombia\" \/>\n<meta property=\"article:published_time\" content=\"2023-01-24T21:29:25+00:00\" \/>\n<meta property=\"article:modified_time\" content=\"2023-01-24T21:29:26+00:00\" \/>\n<meta property=\"og:image\" content=\"https:\/\/radiobravacolombia.com\/wp-content\/uploads\/2023\/01\/portada_dagua.jpg\" \/>\n\t<meta property=\"og:image:width\" content=\"990\" \/>\n\t<meta property=\"og:image:height\" content=\"557\" \/>\n\t<meta property=\"og:image:type\" content=\"image\/jpeg\" \/>\n<meta name=\"author\" content=\"admin\" \/>\n<meta name=\"twitter:card\" content=\"summary_large_image\" \/>\n<meta name=\"twitter:creator\" content=\"@RadioBrava2019\" \/>\n<meta name=\"twitter:site\" content=\"@RadioBrava2019\" \/>\n<meta name=\"twitter:label1\" content=\"Escrito por\" \/>\n\t<meta name=\"twitter:data1\" content=\"admin\" \/>\n\t<meta name=\"twitter:label2\" content=\"Tiempo de lectura\" \/>\n\t<meta name=\"twitter:data2\" content=\"1 minuto\" \/>\n<script type=\"application\/ld+json\" class=\"yoast-schema-graph\">{\"@context\":\"https:\/\/schema.org\",\"@graph\":[{\"@type\":\"Article\",\"@id\":\"https:\/\/radiobravacolombia.com\/?p=4877#article\",\"isPartOf\":{\"@id\":\"https:\/\/radiobravacolombia.com\/?p=4877\"},\"author\":{\"name\":\"admin\",\"@id\":\"https:\/\/radiobravacolombia.com\/#\/schema\/person\/16ffaea5ef1cafae522b87c287960177\"},\"headline\":\"Con la construcci\u00f3n de 326 metros de placa huella en dos corregimientos se mejora la transitabilidad en Dagua\",\"datePublished\":\"2023-01-24T21:29:25+00:00\",\"dateModified\":\"2023-01-24T21:29:26+00:00\",\"mainEntityOfPage\":{\"@id\":\"https:\/\/radiobravacolombia.com\/?p=4877\"},\"wordCount\":212,\"commentCount\":0,\"publisher\":{\"@id\":\"https:\/\/radiobravacolombia.com\/#organization\"},\"image\":{\"@id\":\"https:\/\/radiobravacolombia.com\/?p=4877#primaryimage\"},\"thumbnailUrl\":\"https:\/\/radiobravacolombia.com\/wp-content\/uploads\/2023\/01\/portada_dagua.jpg\",\"articleSection\":[\"NOTICIAS\"],\"inLanguage\":\"es\",\"potentialAction\":[{\"@type\":\"CommentAction\",\"name\":\"Comment\",\"target\":[\"https:\/\/radiobravacolombia.com\/?p=4877#respond\"]}]},{\"@type\":\"WebPage\",\"@id\":\"https:\/\/radiobravacolombia.com\/?p=4877\",\"url\":\"https:\/\/radiobravacolombia.com\/?p=4877\",\"name\":\"Con la construcci\u00f3n de 326 metros de placa huella en dos corregimientos se mejora la transitabilidad en Dagua - Radio Brava\",\"isPartOf\":{\"@id\":\"https:\/\/radiobravacolombia.com\/#website\"},\"primaryImageOfPage\":{\"@id\":\"https:\/\/radiobravacolombia.com\/?p=4877#primaryimage\"},\"image\":{\"@id\":\"https:\/\/radiobravacolombia.com\/?p=4877#primaryimage\"},\"thumbnailUrl\":\"https:\/\/radiobravacolombia.com\/wp-content\/uploads\/2023\/01\/portada_dagua.jpg\",\"datePublished\":\"2023-01-24T21:29:25+00:00\",\"dateModified\":\"2023-01-24T21:29:26+00:00\",\"breadcrumb\":{\"@id\":\"https:\/\/radiobravacolombia.com\/?p=4877#breadcrumb\"},\"inLanguage\":\"es\",\"potentialAction\":[{\"@type\":\"ReadAction\",\"target\":[\"https:\/\/radiobravacolombia.com\/?p=4877\"]}]},{\"@type\":\"ImageObject\",\"inLanguage\":\"es\",\"@id\":\"https:\/\/radiobravacolombia.com\/?p=4877#primaryimage\",\"url\":\"https:\/\/radiobravacolombia.com\/wp-content\/uploads\/2023\/01\/portada_dagua.jpg\",\"contentUrl\":\"https:\/\/radiobravacolombia.com\/wp-content\/uploads\/2023\/01\/portada_dagua.jpg\",\"width\":990,\"height\":557},{\"@type\":\"BreadcrumbList\",\"@id\":\"https:\/\/radiobravacolombia.com\/?p=4877#breadcrumb\",\"itemListElement\":[{\"@type\":\"ListItem\",\"position\":1,\"name\":\"Portada\",\"item\":\"https:\/\/radiobravacolombia.com\/\"},{\"@type\":\"ListItem\",\"position\":2,\"name\":\"Con la construcci\u00f3n de 326 metros de placa huella en dos corregimientos se mejora la transitabilidad en Dagua\"}]},{\"@type\":\"WebSite\",\"@id\":\"https:\/\/radiobravacolombia.com\/#website\",\"url\":\"https:\/\/radiobravacolombia.com\/\",\"name\":\"Radio Brava\",\"description\":\"Colombia\",\"publisher\":{\"@id\":\"https:\/\/radiobravacolombia.com\/#organization\"},\"potentialAction\":[{\"@type\":\"SearchAction\",\"target\":{\"@type\":\"EntryPoint\",\"urlTemplate\":\"https:\/\/radiobravacolombia.com\/?s={search_term_string}\"},\"query-input\":{\"@type\":\"PropertyValueSpecification\",\"valueRequired\":true,\"valueName\":\"search_term_string\"}}],\"inLanguage\":\"es\"},{\"@type\":\"Organization\",\"@id\":\"https:\/\/radiobravacolombia.com\/#organization\",\"name\":\"Radio Brava Colombia\",\"url\":\"https:\/\/radiobravacolombia.com\/\",\"logo\":{\"@type\":\"ImageObject\",\"inLanguage\":\"es\",\"@id\":\"https:\/\/radiobravacolombia.com\/#\/schema\/logo\/image\/\",\"url\":\"https:\/\/radiobravacolombia.com\/wp-content\/uploads\/2022\/06\/cropped-logo-brava-alta-1.png\",\"contentUrl\":\"https:\/\/radiobravacolombia.com\/wp-content\/uploads\/2022\/06\/cropped-logo-brava-alta-1.png\",\"width\":512,\"height\":512,\"caption\":\"Radio Brava Colombia\"},\"image\":{\"@id\":\"https:\/\/radiobravacolombia.com\/#\/schema\/logo\/image\/\"},\"sameAs\":[\"https:\/\/www.facebook.com\/Radiobravacolombia\",\"https:\/\/x.com\/RadioBrava2019\",\"https:\/\/www.instagram.com\/radiobrava\/\"]},{\"@type\":\"Person\",\"@id\":\"https:\/\/radiobravacolombia.com\/#\/schema\/person\/16ffaea5ef1cafae522b87c287960177\",\"name\":\"admin\",\"image\":{\"@type\":\"ImageObject\",\"inLanguage\":\"es\",\"@id\":\"https:\/\/secure.gravatar.com\/avatar\/25b219c94d634e32561123b3887b1468af03a0e021323d2812cf7287411d4303?s=96&d=mm&r=g\",\"url\":\"https:\/\/secure.gravatar.com\/avatar\/25b219c94d634e32561123b3887b1468af03a0e021323d2812cf7287411d4303?s=96&d=mm&r=g\",\"contentUrl\":\"https:\/\/secure.gravatar.com\/avatar\/25b219c94d634e32561123b3887b1468af03a0e021323d2812cf7287411d4303?s=96&d=mm&r=g\",\"caption\":\"admin\"},\"sameAs\":[\"https:\/\/radiobravacolombia.com\"],\"url\":\"https:\/\/radiobravacolombia.com\/?author=1\"}]}<\/script>\n<!-- \/ Yoast SEO plugin. -->","yoast_head_json":{"title":"Con la construcci\u00f3n de 326 metros de placa huella en dos corregimientos se mejora la transitabilidad en Dagua - Radio Brava","robots":{"index":"noindex","follow":"follow","max-snippet":"max-snippet:-1","max-image-preview":"max-image-preview:large","max-video-preview":"max-video-preview:-1"},"og_locale":"es_ES","og_type":"article","og_title":"Con la construcci\u00f3n de 326 metros de placa huella en dos corregimientos se mejora la transitabilidad en Dagua - Radio Brava","og_description":"Santiago de Cali, enero 23 de 2023.&nbsp;El Gobierno del Valle avanza con la estrategia de la Ruta Invencible por el Valle que busca mejorar las condiciones de transitabiliadad en la zona rural del departamento. Las obras llegar\u00e1n al municipio de Dagua con la construcci\u00f3n de placa huella en dos corregimientos. \u201cSe ha aprobado a trav\u00e9s [&hellip;]","og_url":"https:\/\/radiobravacolombia.com\/?p=4877","og_site_name":"Radio Brava","article_publisher":"https:\/\/www.facebook.com\/Radiobravacolombia","article_published_time":"2023-01-24T21:29:25+00:00","article_modified_time":"2023-01-24T21:29:26+00:00","og_image":[{"width":990,"height":557,"url":"https:\/\/radiobravacolombia.com\/wp-content\/uploads\/2023\/01\/portada_dagua.jpg","type":"image\/jpeg"}],"author":"admin","twitter_card":"summary_large_image","twitter_creator":"@RadioBrava2019","twitter_site":"@RadioBrava2019","twitter_misc":{"Escrito por":"admin","Tiempo de lectura":"1 minuto"},"schema":{"@context":"https:\/\/schema.org","@graph":[{"@type":"Article","@id":"https:\/\/radiobravacolombia.com\/?p=4877#article","isPartOf":{"@id":"https:\/\/radiobravacolombia.com\/?p=4877"},"author":{"name":"admin","@id":"https:\/\/radiobravacolombia.com\/#\/schema\/person\/16ffaea5ef1cafae522b87c287960177"},"headline":"Con la construcci\u00f3n de 326 metros de placa huella en dos corregimientos se mejora la transitabilidad en Dagua","datePublished":"2023-01-24T21:29:25+00:00","dateModified":"2023-01-24T21:29:26+00:00","mainEntityOfPage":{"@id":"https:\/\/radiobravacolombia.com\/?p=4877"},"wordCount":212,"commentCount":0,"publisher":{"@id":"https:\/\/radiobravacolombia.com\/#organization"},"image":{"@id":"https:\/\/radiobravacolombia.com\/?p=4877#primaryimage"},"thumbnailUrl":"https:\/\/radiobravacolombia.com\/wp-content\/uploads\/2023\/01\/portada_dagua.jpg","articleSection":["NOTICIAS"],"inLanguage":"es","potentialAction":[{"@type":"CommentAction","name":"Comment","target":["https:\/\/radiobravacolombia.com\/?p=4877#respond"]}]},{"@type":"WebPage","@id":"https:\/\/radiobravacolombia.com\/?p=4877","url":"https:\/\/radiobravacolombia.com\/?p=4877","name":"Con la construcci\u00f3n de 326 metros de placa huella en dos corregimientos se mejora la transitabilidad en Dagua - Radio Brava","isPartOf":{"@id":"https:\/\/radiobravacolombia.com\/#website"},"primaryImageOfPage":{"@id":"https:\/\/radiobravacolombia.com\/?p=4877#primaryimage"},"image":{"@id":"https:\/\/radiobravacolombia.com\/?p=4877#primaryimage"},"thumbnailUrl":"https:\/\/radiobravacolombia.com\/wp-content\/uploads\/2023\/01\/portada_dagua.jpg","datePublished":"2023-01-24T21:29:25+00:00","dateModified":"2023-01-24T21:29:26+00:00","breadcrumb":{"@id":"https:\/\/radiobravacolombia.com\/?p=4877#breadcrumb"},"inLanguage":"es","potentialAction":[{"@type":"ReadAction","target":["https:\/\/radiobravacolombia.com\/?p=4877"]}]},{"@type":"ImageObject","inLanguage":"es","@id":"https:\/\/radiobravacolombia.com\/?p=4877#primaryimage","url":"https:\/\/radiobravacolombia.com\/wp-content\/uploads\/2023\/01\/portada_dagua.jpg","contentUrl":"https:\/\/radiobravacolombia.com\/wp-content\/uploads\/2023\/01\/portada_dagua.jpg","width":990,"height":557},{"@type":"BreadcrumbList","@id":"https:\/\/radiobravacolombia.com\/?p=4877#breadcrumb","itemListElement":[{"@type":"ListItem","position":1,"name":"Portada","item":"https:\/\/radiobravacolombia.com\/"},{"@type":"ListItem","position":2,"name":"Con la construcci\u00f3n de 326 metros de placa huella en dos corregimientos se mejora la transitabilidad en Dagua"}]},{"@type":"WebSite","@id":"https:\/\/radiobravacolombia.com\/#website","url":"https:\/\/radiobravacolombia.com\/","name":"Radio Brava","description":"Colombia","publisher":{"@id":"https:\/\/radiobravacolombia.com\/#organization"},"potentialAction":[{"@type":"SearchAction","target":{"@type":"EntryPoint","urlTemplate":"https:\/\/radiobravacolombia.com\/?s={search_term_string}"},"query-input":{"@type":"PropertyValueSpecification","valueRequired":true,"valueName":"search_term_string"}}],"inLanguage":"es"},{"@type":"Organization","@id":"https:\/\/radiobravacolombia.com\/#organization","name":"Radio Brava Colombia","url":"https:\/\/radiobravacolombia.com\/","logo":{"@type":"ImageObject","inLanguage":"es","@id":"https:\/\/radiobravacolombia.com\/#\/schema\/logo\/image\/","url":"https:\/\/radiobravacolombia.com\/wp-content\/uploads\/2022\/06\/cropped-logo-brava-alta-1.png","contentUrl":"https:\/\/radiobravacolombia.com\/wp-content\/uploads\/2022\/06\/cropped-logo-brava-alta-1.png","width":512,"height":512,"caption":"Radio Brava Colombia"},"image":{"@id":"https:\/\/radiobravacolombia.com\/#\/schema\/logo\/image\/"},"sameAs":["https:\/\/www.facebook.com\/Radiobravacolombia","https:\/\/x.com\/RadioBrava2019","https:\/\/www.instagram.com\/radiobrava\/"]},{"@type":"Person","@id":"https:\/\/radiobravacolombia.com\/#\/schema\/person\/16ffaea5ef1cafae522b87c287960177","name":"admin","image":{"@type":"ImageObject","inLanguage":"es","@id":"https:\/\/secure.gravatar.com\/avatar\/25b219c94d634e32561123b3887b1468af03a0e021323d2812cf7287411d4303?s=96&d=mm&r=g","url":"https:\/\/secure.gravatar.com\/avatar\/25b219c94d634e32561123b3887b1468af03a0e021323d2812cf7287411d4303?s=96&d=mm&r=g","contentUrl":"https:\/\/secure.gravatar.com\/avatar\/25b219c94d634e32561123b3887b1468af03a0e021323d2812cf7287411d4303?s=96&d=mm&r=g","caption":"admin"},"sameAs":["https:\/\/radiobravacolombia.com"],"url":"https:\/\/radiobravacolombia.com\/?author=1"}]}},"_links":{"self":[{"href":"https:\/\/radiobravacolombia.com\/index.php?rest_route=\/wp\/v2\/posts\/4877","targetHints":{"allow":["GET"]}}],"collection":[{"href":"https:\/\/radiobravacolombia.com\/index.php?rest_route=\/wp\/v2\/posts"}],"about":[{"href":"https:\/\/radiobravacolombia.com\/index.php?rest_route=\/wp\/v2\/types\/post"}],"author":[{"embeddable":true,"href":"https:\/\/radiobravacolombia.com\/index.php?rest_route=\/wp\/v2\/users\/1"}],"replies":[{"embeddable":true,"href":"https:\/\/radiobravacolombia.com\/index.php?rest_route=%2Fwp%2Fv2%2Fcomments&post=4877"}],"version-history":[{"count":1,"href":"https:\/\/radiobravacolombia.com\/index.php?rest_route=\/wp\/v2\/posts\/4877\/revisions"}],"predecessor-version":[{"id":4879,"href":"https:\/\/radiobravacolombia.com\/index.php?rest_route=\/wp\/v2\/posts\/4877\/revisions\/4879"}],"wp:featuredmedia":[{"embeddable":true,"href":"https:\/\/radiobravacolombia.com\/index.php?rest_route=\/wp\/v2\/media\/4878"}],"wp:attachment":[{"href":"https:\/\/radiobravacolombia.com\/index.php?rest_route=%2Fwp%2Fv2%2Fmedia&parent=4877"}],"wp:term":[{"taxonomy":"category","embeddable":true,"href":"https:\/\/radiobravacolombia.com\/index.php?rest_route=%2Fwp%2Fv2%2Fcategories&post=4877"},{"taxonomy":"post_tag","embeddable":true,"href":"https:\/\/radiobravacolombia.com\/index.php?rest_route=%2Fwp%2Fv2%2Ftags&post=4877"}],"curies":[{"name":"wp","href":"https:\/\/api.w.org\/{rel}","templated":true}]}}